{"id":802,"date":"2023-08-20T18:26:07","date_gmt":"2023-08-20T18:26:07","guid":{"rendered":"http:\/\/canis-webdesign.de\/?p=802"},"modified":"2026-01-09T18:26:50","modified_gmt":"2026-01-09T18:26:50","slug":"vdwoe-2-2","status":"publish","type":"post","link":"http:\/\/canis-webdesign.de\/?p=802","title":{"rendered":"VDW\u00d6 (2023)"},"content":{"rendered":"<h3>Verein f\u00fcr Deutsche Wachtelhunde in \u00d6sterreich<\/h3>\n<p><em>aktuelle Seite \/ CMS Joomla 4<\/em><\/p>\n<p>aktiv ab 2023<\/p>\n<div class=\"aio-button\"><div class=\"aio-pulse\"><a target=\"_blank\" href=\"http:\/\/www.wachtelhunde.at\" class=\"aio-brown\" title=\"Website besuchen\"><i class=\"glyphicons glyphicons-globe\"><\/i>Website besuchen<\/a><\/div><\/div>\n<p>&nbsp;<\/p>\n<p>Fr\u00fchere Versionen:<\/p>\n<p><a href=\"http:\/\/canis-webdesign.de\/wp-content\/uploads\/2015\/10\/vdwoe_2015.png\"><img loading=\"lazy\" decoding=\"async\" class=\"alignnone size-medium wp-image-426\" src=\"http:\/\/canis-webdesign.de\/wp-content\/uploads\/2015\/10\/vdwoe_2015-263x300.png\" alt=\"\" width=\"263\" height=\"300\" srcset=\"http:\/\/canis-webdesign.de\/wp-content\/uploads\/2015\/10\/vdwoe_2015-263x300.png 263w, http:\/\/canis-webdesign.de\/wp-content\/uploads\/2015\/10\/vdwoe_2015-897x1024.png 897w, http:\/\/canis-webdesign.de\/wp-content\/uploads\/2015\/10\/vdwoe_2015.png 1041w\" sizes=\"auto, (max-width: 263px) 100vw, 263px\" \/><\/a><\/p>\n<p><em>ehemalige Seite \/ CMS Joomla 3 <\/em><\/p>\n<p>aktiv ab 2015 bis 2023<\/p>\n<p><a href=\"http:\/\/canis-webdesign.de\/wp-content\/uploads\/2013\/12\/Startseite-VDW\u00d6.jpg\"><img loading=\"lazy\" decoding=\"async\" class=\"alignnone size-medium wp-image-170\" src=\"http:\/\/canis-webdesign.de\/wp-content\/uploads\/2013\/12\/Startseite-VDW\u00d6-256x300.jpg\" alt=\"Startseite-VDW\u00d6\" width=\"256\" height=\"300\" srcset=\"http:\/\/canis-webdesign.de\/wp-content\/uploads\/2013\/12\/Startseite-VDW\u00d6-256x300.jpg 256w, http:\/\/canis-webdesign.de\/wp-content\/uploads\/2013\/12\/Startseite-VDW\u00d6-875x1024.jpg 875w, http:\/\/canis-webdesign.de\/wp-content\/uploads\/2013\/12\/Startseite-VDW\u00d6.jpg 1206w\" sizes=\"auto, (max-width: 256px) 100vw, 256px\" \/><\/a><\/p>\n<h3>Verein f\u00fcr Deutsche Wachtelhunde in \u00d6sterreich<\/h3>\n<p><em>ehemalige Seite \/ CMS Joomla 2.5\u00a0 \/ <\/em><\/p>\n<p><em>aktiv von 2013 bis 2015<\/em><\/p>\n<p>&nbsp;<\/p>\n<p><a href=\"http:\/\/canis-webdesign.de\/wp-content\/uploads\/2013\/12\/vdwoe_2010.png\"><img loading=\"lazy\" decoding=\"async\" class=\"alignnone size-medium wp-image-83\" src=\"http:\/\/canis-webdesign.de\/wp-content\/uploads\/2013\/12\/vdwoe_2010-300x276.png\" alt=\"vdwoe_2010\" width=\"300\" height=\"276\" srcset=\"http:\/\/canis-webdesign.de\/wp-content\/uploads\/2013\/12\/vdwoe_2010-300x276.png 300w, http:\/\/canis-webdesign.de\/wp-content\/uploads\/2013\/12\/vdwoe_2010-1024x942.png 1024w, http:\/\/canis-webdesign.de\/wp-content\/uploads\/2013\/12\/vdwoe_2010.png 1147w\" sizes=\"auto, (max-width: 300px) 100vw, 300px\" \/><\/a><\/p>\n<h3>Verein f\u00fcr Deutsche Wachtelhunde in \u00d6sterreich<\/h3>\n<p><em>ehemalige Seite \/ CMS Joomla 1.5\u00a0\u00a0 <\/em><\/p>\n<p><em>aktiv von 2009 bis 2012<\/em><\/p>\n","protected":false},"excerpt":{"rendered":"<p>Verein f\u00fcr Deutsche Wachtelhunde in \u00d6sterreich aktuelle Seite \/ CMS Joomla 4 aktiv ab 2023 &nbsp; Fr\u00fchere Versionen: ehemalige Seite \/ CMS Joomla 3 aktiv ab 2015 bis 2023 Verein f\u00fcr Deutsche Wachtelhunde in \u00d6sterreich ehemalige Seite \/ CMS Joomla 2.5\u00a0 \/ aktiv von 2013 bis 2015 &nbsp; Verein f\u00fcr Deutsche Wachtelhunde in \u00d6sterreich ehemalige [&hellip;]<\/p>\n","protected":false},"author":2,"featured_media":837,"comment_status":"closed","ping_status":"closed","sticky":false,"template":"","format":"standard","meta":{"footnotes":""},"categories":[3],"tags":[],"class_list":["post-802","post","type-post","status-publish","format-standard","has-post-thumbnail","hentry","category-vereine"],"_links":{"self":[{"href":"http:\/\/canis-webdesign.de\/index.php?rest_route=\/wp\/v2\/posts\/802","targetHints":{"allow":["GET"]}}],"collection":[{"href":"http:\/\/canis-webdesign.de\/index.php?rest_route=\/wp\/v2\/posts"}],"about":[{"href":"http:\/\/canis-webdesign.de\/index.php?rest_route=\/wp\/v2\/types\/post"}],"author":[{"embeddable":true,"href":"http:\/\/canis-webdesign.de\/index.php?rest_route=\/wp\/v2\/users\/2"}],"replies":[{"embeddable":true,"href":"http:\/\/canis-webdesign.de\/index.php?rest_route=%2Fwp%2Fv2%2Fcomments&post=802"}],"version-history":[{"count":2,"href":"http:\/\/canis-webdesign.de\/index.php?rest_route=\/wp\/v2\/posts\/802\/revisions"}],"predecessor-version":[{"id":838,"href":"http:\/\/canis-webdesign.de\/index.php?rest_route=\/wp\/v2\/posts\/802\/revisions\/838"}],"wp:featuredmedia":[{"embeddable":true,"href":"http:\/\/canis-webdesign.de\/index.php?rest_route=\/wp\/v2\/media\/837"}],"wp:attachment":[{"href":"http:\/\/canis-webdesign.de\/index.php?rest_route=%2Fwp%2Fv2%2Fmedia&parent=802"}],"wp:term":[{"taxonomy":"category","embeddable":true,"href":"http:\/\/canis-webdesign.de\/index.php?rest_route=%2Fwp%2Fv2%2Fcategories&post=802"},{"taxonomy":"post_tag","embeddable":true,"href":"http:\/\/canis-webdesign.de\/index.php?rest_route=%2Fwp%2Fv2%2Ftags&post=802"}],"curies":[{"name":"wp","href":"https:\/\/api.w.org\/{rel}","templated":true}]}}