{"id":61,"date":"2012-03-30T00:25:10","date_gmt":"2012-03-30T00:25:10","guid":{"rendered":"http:\/\/canis-webdesign.de\/?p=61"},"modified":"2022-11-17T18:26:21","modified_gmt":"2022-11-17T18:26:21","slug":"vdwoe","status":"publish","type":"post","link":"http:\/\/canis-webdesign.de\/?p=61","title":{"rendered":"VDW\u00d6 (2005 ff)"},"content":{"rendered":"<h3>Verein f\u00fcr Deutsche Wachtelhunde in \u00d6sterreich<\/h3>\n<p><em>ehemalige Seite \/ CMS Joomla1.5\u00a0 \/ aktiv von 2009 bis 2012<\/em><\/p>\n<p>&nbsp;<\/p>\n<p><a href=\"http:\/\/canis-webdesign.de\/wp-content\/uploads\/2013\/12\/Startseite-VDW\u00d6.jpg\"><img loading=\"lazy\" decoding=\"async\" class=\"alignnone size-thumbnail wp-image-170\" src=\"http:\/\/canis-webdesign.de\/wp-content\/uploads\/2013\/12\/Startseite-VDW\u00d6-150x150.jpg\" alt=\"Startseite-VDW\u00d6\" width=\"150\" height=\"150\" srcset=\"http:\/\/canis-webdesign.de\/wp-content\/uploads\/2013\/12\/Startseite-VDW\u00d6-150x150.jpg 150w, http:\/\/canis-webdesign.de\/wp-content\/uploads\/2013\/12\/Startseite-VDW\u00d6-50x50.jpg 50w\" sizes=\"auto, (max-width: 150px) 100vw, 150px\" \/><\/a><\/p>\n<p>2012 wurde die Umstellung auf Joomla 2.5 vorgenommen hat<\/p>\n<p><em>ehemalige Seite \/ CMS Joomla 2.5\u00a0 \/ aktiv von 2012 bis 2015<\/em><\/p>\n<p>&nbsp;<\/p>\n<p><a href=\"http:\/\/canis-webdesign.de\/wp-content\/uploads\/2012\/12\/VDW-AT_home_html.jpg\"><img loading=\"lazy\" decoding=\"async\" class=\"alignnone size-medium wp-image-172\" src=\"http:\/\/canis-webdesign.de\/wp-content\/uploads\/2012\/12\/VDW-AT_home_html-300x219.jpg\" alt=\"VDW-AT_home_html\" width=\"300\" height=\"219\" srcset=\"http:\/\/canis-webdesign.de\/wp-content\/uploads\/2012\/12\/VDW-AT_home_html-300x219.jpg 300w, http:\/\/canis-webdesign.de\/wp-content\/uploads\/2012\/12\/VDW-AT_home_html-1024x750.jpg 1024w, http:\/\/canis-webdesign.de\/wp-content\/uploads\/2012\/12\/VDW-AT_home_html.jpg 1263w\" sizes=\"auto, (max-width: 300px) 100vw, 300px\" \/><\/a><\/p>\n<p><em>erste Vereins-Seite von 2005 bis 2009 \/ HTML<\/em><\/p>\n","protected":false},"excerpt":{"rendered":"<p>Verein f\u00fcr Deutsche Wachtelhunde in \u00d6sterreich ehemalige Seite \/ CMS Joomla1.5\u00a0 \/ aktiv von 2009 bis 2012 &nbsp; 2012 wurde die Umstellung auf Joomla 2.5 vorgenommen hat ehemalige Seite \/ CMS Joomla 2.5\u00a0 \/ aktiv von 2012 bis 2015 &nbsp; erste Vereins-Seite von 2005 bis 2009 \/ HTML<\/p>\n","protected":false},"author":2,"featured_media":83,"comment_status":"closed","ping_status":"closed","sticky":false,"template":"","format":"standard","meta":{"footnotes":""},"categories":[3],"tags":[],"class_list":["post-61","post","type-post","status-publish","format-standard","has-post-thumbnail","hentry","category-vereine"],"_links":{"self":[{"href":"http:\/\/canis-webdesign.de\/index.php?rest_route=\/wp\/v2\/posts\/61","targetHints":{"allow":["GET"]}}],"collection":[{"href":"http:\/\/canis-webdesign.de\/index.php?rest_route=\/wp\/v2\/posts"}],"about":[{"href":"http:\/\/canis-webdesign.de\/index.php?rest_route=\/wp\/v2\/types\/post"}],"author":[{"embeddable":true,"href":"http:\/\/canis-webdesign.de\/index.php?rest_route=\/wp\/v2\/users\/2"}],"replies":[{"embeddable":true,"href":"http:\/\/canis-webdesign.de\/index.php?rest_route=%2Fwp%2Fv2%2Fcomments&post=61"}],"version-history":[{"count":8,"href":"http:\/\/canis-webdesign.de\/index.php?rest_route=\/wp\/v2\/posts\/61\/revisions"}],"predecessor-version":[{"id":780,"href":"http:\/\/canis-webdesign.de\/index.php?rest_route=\/wp\/v2\/posts\/61\/revisions\/780"}],"wp:featuredmedia":[{"embeddable":true,"href":"http:\/\/canis-webdesign.de\/index.php?rest_route=\/wp\/v2\/media\/83"}],"wp:attachment":[{"href":"http:\/\/canis-webdesign.de\/index.php?rest_route=%2Fwp%2Fv2%2Fmedia&parent=61"}],"wp:term":[{"taxonomy":"category","embeddable":true,"href":"http:\/\/canis-webdesign.de\/index.php?rest_route=%2Fwp%2Fv2%2Fcategories&post=61"},{"taxonomy":"post_tag","embeddable":true,"href":"http:\/\/canis-webdesign.de\/index.php?rest_route=%2Fwp%2Fv2%2Ftags&post=61"}],"curies":[{"name":"wp","href":"https:\/\/api.w.org\/{rel}","templated":true}]}}